{"id":159,"date":"2025-06-15T07:30:00","date_gmt":"2025-06-15T07:30:00","guid":{"rendered":"http:\/\/evropskamrezamladih.com\/?p=159"},"modified":"2025-08-15T06:39:22","modified_gmt":"2025-08-15T06:39:22","slug":"mladi-u-borbi-protiv-nasilja-i-diskriminacije","status":"publish","type":"post","link":"http:\/\/evropskamrezamladih.com\/?p=159","title":{"rendered":",,Mladi u borbi protiv nasilja i diskriminacije&#8221;"},"content":{"rendered":"\n<p>,,Mladi u borbi protiv nasilja i diskriminacije\u2019\u2019 je projekat koji je namenjen mladima sa teritorije Republike Srbije uzrasta od 15 do 30 godina. Projekat \u0107e obuhvatiti oko 40 mladih. Projekat podrazumeva edukaciju na temama vezanim za nasilje u sportu i obrazovanju kao i nasilje i diskriminaciju u obrazovanim ustanovama i sportu. U dana\u0161nje vreme kada je nasilja i diskriminacije sve vi\u0161e, posebno u \u0161kolama i na ulici, kao i upotrebe raznih sredstava u sportu kako bi se do\u0161lo do cilja, potrebno je mladima ukazati na negativne posledice i uveriti ih da je sopstveni trud i upornost jedini siguran put do uspeha. Trudi\u0107emo se da interesantan, konkretan na\u010din, kroz veliki broj primera poka\u017eemo i jednu i drugu stranu ,,medalje\u201d. \u017delimo da im poka\u017eemo na konkretnim primerima u teoriji i praksi koje su lo\u0161e strane diskriminacije u sportu, nesportsko pona\u0161anje u sali i van sale, nesportsko pona\u0161anje na takmi\u010denjima, nasilje prema trenerima, nasilje prema sportskim kolegama. Tako\u0111e mladima \u0107emo pokazati kako nasilje uti\u010de na \u017ertve, posledice tog nasilja na \u017ertvu i nasilnika kao i sve \u0161to je vezano za nasilje i diskriminaciju, kako bismo mladima na vreme pokazali lo\u0161e strane tih aktivnosti. Deo \u0107e projekta \u0107e biti posve\u0107en i uticaju roditelja i dru\u0161tva na pona\u0161anje mladih, kao i zabranjene supstance koje uzrokuju nasilni\u010dko pona\u0161anje. Diskriminacija i nasilje bi\u0107e obuhva\u0107eno i u obrazovanju, pre svega \u0161kolsko nasilje. Projekat bi se realizovao u periodu 1. jun do 1. oktobar 2025. godine. <br>Svi zainteresovani mladi mogu poslati svoj cv na email info@evropsakmrezamladih.com. Broj mesta je ograni\u010den.<br><br>Project je finansiran od strane Ministarstva turizma i omladine.<br><br>picture\/freepik<\/p>\n","protected":false},"excerpt":{"rendered":"<p>,,Mladi u borbi protiv nasilja i diskriminacije\u2019\u2019 je projekat koji je namenjen mladima sa teritorije Republike Srbije uzrasta od 15 do 30 godina. Projekat \u0107e obuhvatiti oko 40 mladih. Projekat podrazumeva edukaciju na temama vezanim za nasilje u sportu i obrazovanju kao i nasilje i diskriminaciju u obrazovanim ustanovama i sportu. U dana\u0161nje vreme kada [&hellip;]<\/p>\n","protected":false},"author":2,"featured_media":161,"comment_status":"open","ping_status":"open","sticky":false,"template":"","format":"standard","meta":{"footnotes":""},"categories":[1],"tags":[],"class_list":["post-159","post","type-post","status-publish","format-standard","has-post-thumbnail","hentry","category-uncategorized"],"gutentor_comment":2,"_links":{"self":[{"href":"http:\/\/evropskamrezamladih.com\/index.php?rest_route=\/wp\/v2\/posts\/159","targetHints":{"allow":["GET"]}}],"collection":[{"href":"http:\/\/evropskamrezamladih.com\/index.php?rest_route=\/wp\/v2\/posts"}],"about":[{"href":"http:\/\/evropskamrezamladih.com\/index.php?rest_route=\/wp\/v2\/types\/post"}],"author":[{"embeddable":true,"href":"http:\/\/evropskamrezamladih.com\/index.php?rest_route=\/wp\/v2\/users\/2"}],"replies":[{"embeddable":true,"href":"http:\/\/evropskamrezamladih.com\/index.php?rest_route=%2Fwp%2Fv2%2Fcomments&post=159"}],"version-history":[{"count":1,"href":"http:\/\/evropskamrezamladih.com\/index.php?rest_route=\/wp\/v2\/posts\/159\/revisions"}],"predecessor-version":[{"id":162,"href":"http:\/\/evropskamrezamladih.com\/index.php?rest_route=\/wp\/v2\/posts\/159\/revisions\/162"}],"wp:featuredmedia":[{"embeddable":true,"href":"http:\/\/evropskamrezamladih.com\/index.php?rest_route=\/wp\/v2\/media\/161"}],"wp:attachment":[{"href":"http:\/\/evropskamrezamladih.com\/index.php?rest_route=%2Fwp%2Fv2%2Fmedia&parent=159"}],"wp:term":[{"taxonomy":"category","embeddable":true,"href":"http:\/\/evropskamrezamladih.com\/index.php?rest_route=%2Fwp%2Fv2%2Fcategories&post=159"},{"taxonomy":"post_tag","embeddable":true,"href":"http:\/\/evropskamrezamladih.com\/index.php?rest_route=%2Fwp%2Fv2%2Ftags&post=159"}],"curies":[{"name":"wp","href":"https:\/\/api.w.org\/{rel}","templated":true}]}}