{"id":153,"date":"2024-12-20T09:36:00","date_gmt":"2024-12-20T09:36:00","guid":{"rendered":"http:\/\/evropskamrezamladih.com\/?p=153"},"modified":"2025-08-14T09:52:18","modified_gmt":"2025-08-14T09:52:18","slug":"buducnost-bez-nasilja-i-diskriminacije-je-u-nasim-rukama","status":"publish","type":"post","link":"http:\/\/evropskamrezamladih.com\/?p=153","title":{"rendered":",,Budu\u0107nost bez nasilja i diskriminacije je u na\u0161im rukama&#8221;"},"content":{"rendered":"\n<p>Tokom zimskom raspusta a po\u010dev od 04.01.2025. godine odr\u017ea\u0107e se projekat ,,Budu\u0107nost bez nasilja i diskriminacije je u na\u0161im rukama&#8221;. Projekat \u0107e se realizovati tokom januara i februara 2025. godine u prostorijama u Balkanskoj 4. Svi zainteresovani mladi od 15 do 19 godina sa teritorije Grada Beograda mo\u0107i \u0107e da se prijave za ovaj projekat-seminar.<br>I ove godine seminar je sufinasiran od strane Sekretarijata za sport i omladinu grada Beograda. <br><br>Cilj projekta je da se mladi od 15 do 19 godina dodatno edukuju o na\u010dinaima borbe protiv vr\u0161nja\u010dkog nasilja i nasilja u \u0161koli i porodici. \u017delimo da mladima kroz konkretne primere predstavimo uzroke i posledice nasilja u porodici i me\u0111u vr\u0161njacima. Tako\u0111e, predstavi\u0107emo mladima kako dana\u0161nji mediji, rijaliti programi, dostupnost razli\u010ditih sadr\u017eaja na internetu uti\u010du na njihovo pona\u0161anje i na pona\u0161anje u dru\u0161tvu i porodici. Svi zainteresovani mladi mogu se prijaviti na info@evropsakmrezamladih.com do 04.01.2025. godine.<br><br>picture\/pixabay\/tumisu<\/p>\n","protected":false},"excerpt":{"rendered":"<p>Tokom zimskom raspusta a po\u010dev od 04.01.2025. godine odr\u017ea\u0107e se projekat ,,Budu\u0107nost bez nasilja i diskriminacije je u na\u0161im rukama&#8221;. Projekat \u0107e se realizovati tokom januara i februara 2025. godine u prostorijama u Balkanskoj 4. Svi zainteresovani mladi od 15 do 19 godina sa teritorije Grada Beograda mo\u0107i \u0107e da se prijave za ovaj projekat-seminar.I [&hellip;]<\/p>\n","protected":false},"author":2,"featured_media":154,"comment_status":"open","ping_status":"open","sticky":false,"template":"","format":"standard","meta":{"footnotes":""},"categories":[1],"tags":[],"class_list":["post-153","post","type-post","status-publish","format-standard","has-post-thumbnail","hentry","category-uncategorized"],"gutentor_comment":0,"_links":{"self":[{"href":"http:\/\/evropskamrezamladih.com\/index.php?rest_route=\/wp\/v2\/posts\/153","targetHints":{"allow":["GET"]}}],"collection":[{"href":"http:\/\/evropskamrezamladih.com\/index.php?rest_route=\/wp\/v2\/posts"}],"about":[{"href":"http:\/\/evropskamrezamladih.com\/index.php?rest_route=\/wp\/v2\/types\/post"}],"author":[{"embeddable":true,"href":"http:\/\/evropskamrezamladih.com\/index.php?rest_route=\/wp\/v2\/users\/2"}],"replies":[{"embeddable":true,"href":"http:\/\/evropskamrezamladih.com\/index.php?rest_route=%2Fwp%2Fv2%2Fcomments&post=153"}],"version-history":[{"count":1,"href":"http:\/\/evropskamrezamladih.com\/index.php?rest_route=\/wp\/v2\/posts\/153\/revisions"}],"predecessor-version":[{"id":155,"href":"http:\/\/evropskamrezamladih.com\/index.php?rest_route=\/wp\/v2\/posts\/153\/revisions\/155"}],"wp:featuredmedia":[{"embeddable":true,"href":"http:\/\/evropskamrezamladih.com\/index.php?rest_route=\/wp\/v2\/media\/154"}],"wp:attachment":[{"href":"http:\/\/evropskamrezamladih.com\/index.php?rest_route=%2Fwp%2Fv2%2Fmedia&parent=153"}],"wp:term":[{"taxonomy":"category","embeddable":true,"href":"http:\/\/evropskamrezamladih.com\/index.php?rest_route=%2Fwp%2Fv2%2Fcategories&post=153"},{"taxonomy":"post_tag","embeddable":true,"href":"http:\/\/evropskamrezamladih.com\/index.php?rest_route=%2Fwp%2Fv2%2Ftags&post=153"}],"curies":[{"name":"wp","href":"https:\/\/api.w.org\/{rel}","templated":true}]}}