{"id":132,"date":"2024-03-26T10:38:00","date_gmt":"2024-03-26T10:38:00","guid":{"rendered":"http:\/\/evropskamrezamladih.com\/?p=132"},"modified":"2024-06-12T11:22:07","modified_gmt":"2024-06-12T11:22:07","slug":"ekoloska-kultura-za-malde","status":"publish","type":"post","link":"http:\/\/evropskamrezamladih.com\/?p=132","title":{"rendered":",,Ekolo\u0161ka kultura za mlade&#8221;"},"content":{"rendered":"\n<p>Od 1. aprila do 31. decembra 2024. godine organizova\u0107e se edukativni godi\u0161nji seminar na temu ekologije. I ove godine Sekretarijat za sport i omaldinu Grada Beograda podr\u017eao i prepoznao je zna\u010daj ove teme i ovog projekta za sve mlade sa teritorije grada Beograda. Svi mladi od 15 do 19 godina zainteresovani za projekat mogu da se prijave putem email-a za poha\u0111anje ovog seminara. Projekat \u0107e se realizovati u Beogradu, Balkanska 4. <\/p>\n\n\n\n<p>Cilj projekta je da se mladi dodatno edukuju kroz ovaj projekat i da damo konkretne ideje i predloge kako da mladi budu ti koji \u0107e problem zaga\u0111enja \u017eivotne sredine da re\u0161e i da podignu svest o potrebi da se za\u0161titi priroda u na\u0161oj zemlji. Kroz ovaj seminar pro\u0107i \u0107emo i kroz svakodnevnu ekolo\u0161ku kulturu mladih. Trudi\u0107emo se da razvijemo kod mladih ne samo pojedina\u010dnu nego i kolektivnu svest o ovom problemu, koja treba da postoji i u celom dru\u0161tvu. Ukaza\u0107emo im na to da je za\u0161tita \u017eivotne sredine, ne samo pokazatelj po\u0161tovanja prema njoj, nego i odraz sopstevnog vaspitanja i kulture.<br><br>Projekat je sufinansiran od strane Ministarstva prosvete. <\/p>\n\n\n\n<p>picture\/freepik\/jcomp<\/p>\n","protected":false},"excerpt":{"rendered":"<p>Od 1. aprila do 31. decembra 2024. godine organizova\u0107e se edukativni godi\u0161nji seminar na temu ekologije. I ove godine Sekretarijat za sport i omaldinu Grada Beograda podr\u017eao i prepoznao je zna\u010daj ove teme i ovog projekta za sve mlade sa teritorije grada Beograda. Svi mladi od 15 do 19 godina zainteresovani za projekat mogu da [&hellip;]<\/p>\n","protected":false},"author":2,"featured_media":134,"comment_status":"open","ping_status":"open","sticky":false,"template":"","format":"standard","meta":{"footnotes":""},"categories":[1],"tags":[],"class_list":["post-132","post","type-post","status-publish","format-standard","has-post-thumbnail","hentry","category-uncategorized"],"gutentor_comment":11,"_links":{"self":[{"href":"http:\/\/evropskamrezamladih.com\/index.php?rest_route=\/wp\/v2\/posts\/132","targetHints":{"allow":["GET"]}}],"collection":[{"href":"http:\/\/evropskamrezamladih.com\/index.php?rest_route=\/wp\/v2\/posts"}],"about":[{"href":"http:\/\/evropskamrezamladih.com\/index.php?rest_route=\/wp\/v2\/types\/post"}],"author":[{"embeddable":true,"href":"http:\/\/evropskamrezamladih.com\/index.php?rest_route=\/wp\/v2\/users\/2"}],"replies":[{"embeddable":true,"href":"http:\/\/evropskamrezamladih.com\/index.php?rest_route=%2Fwp%2Fv2%2Fcomments&post=132"}],"version-history":[{"count":4,"href":"http:\/\/evropskamrezamladih.com\/index.php?rest_route=\/wp\/v2\/posts\/132\/revisions"}],"predecessor-version":[{"id":143,"href":"http:\/\/evropskamrezamladih.com\/index.php?rest_route=\/wp\/v2\/posts\/132\/revisions\/143"}],"wp:featuredmedia":[{"embeddable":true,"href":"http:\/\/evropskamrezamladih.com\/index.php?rest_route=\/wp\/v2\/media\/134"}],"wp:attachment":[{"href":"http:\/\/evropskamrezamladih.com\/index.php?rest_route=%2Fwp%2Fv2%2Fmedia&parent=132"}],"wp:term":[{"taxonomy":"category","embeddable":true,"href":"http:\/\/evropskamrezamladih.com\/index.php?rest_route=%2Fwp%2Fv2%2Fcategories&post=132"},{"taxonomy":"post_tag","embeddable":true,"href":"http:\/\/evropskamrezamladih.com\/index.php?rest_route=%2Fwp%2Fv2%2Ftags&post=132"}],"curies":[{"name":"wp","href":"https:\/\/api.w.org\/{rel}","templated":true}]}}